{"id":970,"date":"2024-09-10T21:49:38","date_gmt":"2024-09-10T19:49:38","guid":{"rendered":"https:\/\/www.swiss-pdns.ch\/senza-categoria\/2024\/09\/cancellazione-del-corso-di-formazione-per-infermieri-specializzati-in-parkinson-2024-abbvie.html"},"modified":"2024-09-10T21:49:38","modified_gmt":"2024-09-10T19:49:38","slug":"cancellazione-del-corso-di-formazione-per-infermieri-specializzati-in-parkinson-2024-abbvie","status":"publish","type":"post","link":"https:\/\/www.swiss-pdns.ch\/it\/news\/2024\/09\/cancellazione-del-corso-di-formazione-per-infermieri-specializzati-in-parkinson-2024-abbvie.html","title":{"rendered":"Cancellazione del corso di formazione per infermieri specializzati in Parkinson 2024 (AbbVie)"},"content":{"rendered":"<p>Oggi devo comunicarti che purtroppo il corso di formazione per infermieri specializzati in Parkinson non potr\u00e0 svolgersi quest&#8217;anno.<\/p>\n<p>Recenti modifiche normative e legislative non consentono pi\u00f9 di svolgerlo come in passato. Ora \u00e8 obbligatoria una partecipazione ai costi da parte dei partecipanti, il che comporta un maggior lavoro amministrativo e non \u00e8 fattibile nelle prossime settimane prima dell&#8217;evento <\/p>\n<p>Ci dispiace molto e capiamo quanto sia importante per te questo aggiornamento interdisciplinare annuale.<\/p>\n<p>Ma non preoccuparti, siamo ancora interessati a promuovere e sostenere la comunit\u00e0 degli infermieri specializzati in Parkinson.<\/p>\n<p>Esamineremo alternative di formazione e ti terremo informato.<\/p>\n<p>Ci impegniamo a darti la possibilit\u00e0 di ampliare le tue conoscenze nel campo dell&#8217;assistenza al Parkinson anche in futuro.<\/p>\n<p>&nbsp;<\/p>\n<p>Ti ringraziamo per la tua comprensione e il tuo sostegno in questa situazione. Speriamo di rivederci presto in un&#8217;altra forma di formazione AMI PD per infermieri. <\/p>\n<p>Un abbraccio,<\/p>\n<p>KC<\/p>\n<p>&nbsp;<\/p>\n<p>Katrin-Caroline Voigt<\/p>\n<p>AbbVie Medical Institute AMI<\/p>\n","protected":false},"excerpt":{"rendered":"<p>Oggi devo comunicarti che purtroppo il corso di formazione per infermieri specializzati in Parkinson non potr\u00e0 svolgersi quest&#8217;anno. Recenti modifiche normative e legislative non consentono pi\u00f9 di svolgerlo come in passato. Ora \u00e8 obbligatoria una partecipazione ai costi da parte dei partecipanti, il che comporta un maggior lavoro amministrativo e non \u00e8 fattibile nelle prossime &hellip; <a href=\"https:\/\/www.swiss-pdns.ch\/it\/news\/2024\/09\/cancellazione-del-corso-di-formazione-per-infermieri-specializzati-in-parkinson-2024-abbvie.html\" class=\"more-link\">Continue reading <span class=\"screen-reader-text\">Cancellazione del corso di formazione per infermieri specializzati in Parkinson 2024 (AbbVie)<\/span> <span class=\"meta-nav\">&rarr;<\/span><\/a><\/p>\n","protected":false},"author":2,"featured_media":0,"comment_status":"closed","ping_status":"open","sticky":false,"template":"","format":"standard","meta":{"_mi_skip_tracking":false,"_monsterinsights_sitenote_active":false,"_monsterinsights_sitenote_note":"","_monsterinsights_sitenote_category":0,"footnotes":""},"categories":[37],"tags":[],"class_list":["post-970","post","type-post","status-publish","format-standard","hentry","category-news"],"yoast_head":"<!-- This site is optimized with the Yoast SEO plugin v24.7 - https:\/\/yoast.com\/wordpress\/plugins\/seo\/ -->\n<title>Cancellazione del corso di formazione per infermieri specializzati in Parkinson 2024 (AbbVie) - Swiss-PDNS<\/title>\n<meta name=\"robots\" content=\"index, follow, max-snippet:-1, max-image-preview:large, max-video-preview:-1\" \/>\n<link rel=\"canonical\" href=\"https:\/\/www.swiss-pdns.ch\/it\/news\/2024\/09\/cancellazione-del-corso-di-formazione-per-infermieri-specializzati-in-parkinson-2024-abbvie.html\" \/>\n<meta property=\"og:locale\" content=\"it_IT\" \/>\n<meta property=\"og:type\" content=\"article\" \/>\n<meta property=\"og:title\" content=\"Cancellazione del corso di formazione per infermieri specializzati in Parkinson 2024 (AbbVie) - Swiss-PDNS\" \/>\n<meta property=\"og:description\" content=\"Oggi devo comunicarti che purtroppo il corso di formazione per infermieri specializzati in Parkinson non potr\u00e0 svolgersi quest&#8217;anno. Recenti modifiche normative e legislative non consentono pi\u00f9 di svolgerlo come in passato. Ora \u00e8 obbligatoria una partecipazione ai costi da parte dei partecipanti, il che comporta un maggior lavoro amministrativo e non \u00e8 fattibile nelle prossime &hellip; Continue reading Cancellazione del corso di formazione per infermieri specializzati in Parkinson 2024 (AbbVie) &rarr;\" \/>\n<meta property=\"og:url\" content=\"https:\/\/www.swiss-pdns.ch\/it\/news\/2024\/09\/cancellazione-del-corso-di-formazione-per-infermieri-specializzati-in-parkinson-2024-abbvie.html\" \/>\n<meta property=\"og:site_name\" content=\"Swiss-PDNS\" \/>\n<meta property=\"article:published_time\" content=\"2024-09-10T19:49:38+00:00\" \/>\n<meta name=\"author\" content=\"Swee Chong\" \/>\n<meta name=\"twitter:card\" content=\"summary_large_image\" \/>\n<meta name=\"twitter:label1\" content=\"Written by\" \/>\n\t<meta name=\"twitter:data1\" content=\"Swee Chong\" \/>\n\t<meta name=\"twitter:label2\" content=\"Est. reading time\" \/>\n\t<meta name=\"twitter:data2\" content=\"1 minuto\" \/>\n<script type=\"application\/ld+json\" class=\"yoast-schema-graph\">{\"@context\":\"https:\/\/schema.org\",\"@graph\":[{\"@type\":\"Article\",\"@id\":\"https:\/\/www.swiss-pdns.ch\/it\/news\/2024\/09\/cancellazione-del-corso-di-formazione-per-infermieri-specializzati-in-parkinson-2024-abbvie.html#article\",\"isPartOf\":{\"@id\":\"https:\/\/www.swiss-pdns.ch\/it\/news\/2024\/09\/cancellazione-del-corso-di-formazione-per-infermieri-specializzati-in-parkinson-2024-abbvie.html\"},\"author\":{\"name\":\"Swee Chong\",\"@id\":\"https:\/\/www.swiss-pdns.ch\/it\/#\/schema\/person\/cfeb1319e9b365afb995922886bb2d8f\"},\"headline\":\"Cancellazione del corso di formazione per infermieri specializzati in Parkinson 2024 (AbbVie)\",\"datePublished\":\"2024-09-10T19:49:38+00:00\",\"mainEntityOfPage\":{\"@id\":\"https:\/\/www.swiss-pdns.ch\/it\/news\/2024\/09\/cancellazione-del-corso-di-formazione-per-infermieri-specializzati-in-parkinson-2024-abbvie.html\"},\"wordCount\":166,\"publisher\":{\"@id\":\"https:\/\/www.swiss-pdns.ch\/it\/#organization\"},\"articleSection\":[\"News\"],\"inLanguage\":\"it-IT\"},{\"@type\":\"WebPage\",\"@id\":\"https:\/\/www.swiss-pdns.ch\/it\/news\/2024\/09\/cancellazione-del-corso-di-formazione-per-infermieri-specializzati-in-parkinson-2024-abbvie.html\",\"url\":\"https:\/\/www.swiss-pdns.ch\/it\/news\/2024\/09\/cancellazione-del-corso-di-formazione-per-infermieri-specializzati-in-parkinson-2024-abbvie.html\",\"name\":\"Cancellazione del corso di formazione per infermieri specializzati in Parkinson 2024 (AbbVie) - Swiss-PDNS\",\"isPartOf\":{\"@id\":\"https:\/\/www.swiss-pdns.ch\/it\/#website\"},\"datePublished\":\"2024-09-10T19:49:38+00:00\",\"breadcrumb\":{\"@id\":\"https:\/\/www.swiss-pdns.ch\/it\/news\/2024\/09\/cancellazione-del-corso-di-formazione-per-infermieri-specializzati-in-parkinson-2024-abbvie.html#breadcrumb\"},\"inLanguage\":\"it-IT\",\"potentialAction\":[{\"@type\":\"ReadAction\",\"target\":[\"https:\/\/www.swiss-pdns.ch\/it\/news\/2024\/09\/cancellazione-del-corso-di-formazione-per-infermieri-specializzati-in-parkinson-2024-abbvie.html\"]}]},{\"@type\":\"BreadcrumbList\",\"@id\":\"https:\/\/www.swiss-pdns.ch\/it\/news\/2024\/09\/cancellazione-del-corso-di-formazione-per-infermieri-specializzati-in-parkinson-2024-abbvie.html#breadcrumb\",\"itemListElement\":[{\"@type\":\"ListItem\",\"position\":1,\"name\":\"Home\",\"item\":\"https:\/\/www.swiss-pdns.ch\/it\"},{\"@type\":\"ListItem\",\"position\":2,\"name\":\"Cancellazione del corso di formazione per infermieri specializzati in Parkinson 2024 (AbbVie)\"}]},{\"@type\":\"WebSite\",\"@id\":\"https:\/\/www.swiss-pdns.ch\/it\/#website\",\"url\":\"https:\/\/www.swiss-pdns.ch\/it\/\",\"name\":\"Swiss-PDNS\",\"description\":\"\",\"publisher\":{\"@id\":\"https:\/\/www.swiss-pdns.ch\/it\/#organization\"},\"potentialAction\":[{\"@type\":\"SearchAction\",\"target\":{\"@type\":\"EntryPoint\",\"urlTemplate\":\"https:\/\/www.swiss-pdns.ch\/it\/?s={search_term_string}\"},\"query-input\":{\"@type\":\"PropertyValueSpecification\",\"valueRequired\":true,\"valueName\":\"search_term_string\"}}],\"inLanguage\":\"it-IT\"},{\"@type\":\"Organization\",\"@id\":\"https:\/\/www.swiss-pdns.ch\/it\/#organization\",\"name\":\"Swiss-PDNS\",\"url\":\"https:\/\/www.swiss-pdns.ch\/it\/\",\"logo\":{\"@type\":\"ImageObject\",\"inLanguage\":\"it-IT\",\"@id\":\"https:\/\/www.swiss-pdns.ch\/it\/#\/schema\/logo\/image\/\",\"url\":\"https:\/\/www.swiss-pdns.ch\/wp-content\/uploads\/2023\/06\/logo.png\",\"contentUrl\":\"https:\/\/www.swiss-pdns.ch\/wp-content\/uploads\/2023\/06\/logo.png\",\"width\":289,\"height\":289,\"caption\":\"Swiss-PDNS\"},\"image\":{\"@id\":\"https:\/\/www.swiss-pdns.ch\/it\/#\/schema\/logo\/image\/\"}},{\"@type\":\"Person\",\"@id\":\"https:\/\/www.swiss-pdns.ch\/it\/#\/schema\/person\/cfeb1319e9b365afb995922886bb2d8f\",\"name\":\"Swee Chong\",\"image\":{\"@type\":\"ImageObject\",\"inLanguage\":\"it-IT\",\"@id\":\"https:\/\/www.swiss-pdns.ch\/it\/#\/schema\/person\/image\/\",\"url\":\"https:\/\/secure.gravatar.com\/avatar\/0823b01526066772627e81eb4c550efa?s=96&d=mm&r=g\",\"contentUrl\":\"https:\/\/secure.gravatar.com\/avatar\/0823b01526066772627e81eb4c550efa?s=96&d=mm&r=g\",\"caption\":\"Swee Chong\"},\"url\":\"https:\/\/www.swiss-pdns.ch\/it\/author\/bonck-eth-jec-nek-ej\"}]}<\/script>\n<!-- \/ Yoast SEO plugin. -->","yoast_head_json":{"title":"Cancellazione del corso di formazione per infermieri specializzati in Parkinson 2024 (AbbVie) - Swiss-PDNS","robots":{"index":"index","follow":"follow","max-snippet":"max-snippet:-1","max-image-preview":"max-image-preview:large","max-video-preview":"max-video-preview:-1"},"canonical":"https:\/\/www.swiss-pdns.ch\/it\/news\/2024\/09\/cancellazione-del-corso-di-formazione-per-infermieri-specializzati-in-parkinson-2024-abbvie.html","og_locale":"it_IT","og_type":"article","og_title":"Cancellazione del corso di formazione per infermieri specializzati in Parkinson 2024 (AbbVie) - Swiss-PDNS","og_description":"Oggi devo comunicarti che purtroppo il corso di formazione per infermieri specializzati in Parkinson non potr\u00e0 svolgersi quest&#8217;anno. Recenti modifiche normative e legislative non consentono pi\u00f9 di svolgerlo come in passato. Ora \u00e8 obbligatoria una partecipazione ai costi da parte dei partecipanti, il che comporta un maggior lavoro amministrativo e non \u00e8 fattibile nelle prossime &hellip; Continue reading Cancellazione del corso di formazione per infermieri specializzati in Parkinson 2024 (AbbVie) &rarr;","og_url":"https:\/\/www.swiss-pdns.ch\/it\/news\/2024\/09\/cancellazione-del-corso-di-formazione-per-infermieri-specializzati-in-parkinson-2024-abbvie.html","og_site_name":"Swiss-PDNS","article_published_time":"2024-09-10T19:49:38+00:00","author":"Swee Chong","twitter_card":"summary_large_image","twitter_misc":{"Written by":"Swee Chong","Est. reading time":"1 minuto"},"schema":{"@context":"https:\/\/schema.org","@graph":[{"@type":"Article","@id":"https:\/\/www.swiss-pdns.ch\/it\/news\/2024\/09\/cancellazione-del-corso-di-formazione-per-infermieri-specializzati-in-parkinson-2024-abbvie.html#article","isPartOf":{"@id":"https:\/\/www.swiss-pdns.ch\/it\/news\/2024\/09\/cancellazione-del-corso-di-formazione-per-infermieri-specializzati-in-parkinson-2024-abbvie.html"},"author":{"name":"Swee Chong","@id":"https:\/\/www.swiss-pdns.ch\/it\/#\/schema\/person\/cfeb1319e9b365afb995922886bb2d8f"},"headline":"Cancellazione del corso di formazione per infermieri specializzati in Parkinson 2024 (AbbVie)","datePublished":"2024-09-10T19:49:38+00:00","mainEntityOfPage":{"@id":"https:\/\/www.swiss-pdns.ch\/it\/news\/2024\/09\/cancellazione-del-corso-di-formazione-per-infermieri-specializzati-in-parkinson-2024-abbvie.html"},"wordCount":166,"publisher":{"@id":"https:\/\/www.swiss-pdns.ch\/it\/#organization"},"articleSection":["News"],"inLanguage":"it-IT"},{"@type":"WebPage","@id":"https:\/\/www.swiss-pdns.ch\/it\/news\/2024\/09\/cancellazione-del-corso-di-formazione-per-infermieri-specializzati-in-parkinson-2024-abbvie.html","url":"https:\/\/www.swiss-pdns.ch\/it\/news\/2024\/09\/cancellazione-del-corso-di-formazione-per-infermieri-specializzati-in-parkinson-2024-abbvie.html","name":"Cancellazione del corso di formazione per infermieri specializzati in Parkinson 2024 (AbbVie) - Swiss-PDNS","isPartOf":{"@id":"https:\/\/www.swiss-pdns.ch\/it\/#website"},"datePublished":"2024-09-10T19:49:38+00:00","breadcrumb":{"@id":"https:\/\/www.swiss-pdns.ch\/it\/news\/2024\/09\/cancellazione-del-corso-di-formazione-per-infermieri-specializzati-in-parkinson-2024-abbvie.html#breadcrumb"},"inLanguage":"it-IT","potentialAction":[{"@type":"ReadAction","target":["https:\/\/www.swiss-pdns.ch\/it\/news\/2024\/09\/cancellazione-del-corso-di-formazione-per-infermieri-specializzati-in-parkinson-2024-abbvie.html"]}]},{"@type":"BreadcrumbList","@id":"https:\/\/www.swiss-pdns.ch\/it\/news\/2024\/09\/cancellazione-del-corso-di-formazione-per-infermieri-specializzati-in-parkinson-2024-abbvie.html#breadcrumb","itemListElement":[{"@type":"ListItem","position":1,"name":"Home","item":"https:\/\/www.swiss-pdns.ch\/it"},{"@type":"ListItem","position":2,"name":"Cancellazione del corso di formazione per infermieri specializzati in Parkinson 2024 (AbbVie)"}]},{"@type":"WebSite","@id":"https:\/\/www.swiss-pdns.ch\/it\/#website","url":"https:\/\/www.swiss-pdns.ch\/it\/","name":"Swiss-PDNS","description":"","publisher":{"@id":"https:\/\/www.swiss-pdns.ch\/it\/#organization"},"potentialAction":[{"@type":"SearchAction","target":{"@type":"EntryPoint","urlTemplate":"https:\/\/www.swiss-pdns.ch\/it\/?s={search_term_string}"},"query-input":{"@type":"PropertyValueSpecification","valueRequired":true,"valueName":"search_term_string"}}],"inLanguage":"it-IT"},{"@type":"Organization","@id":"https:\/\/www.swiss-pdns.ch\/it\/#organization","name":"Swiss-PDNS","url":"https:\/\/www.swiss-pdns.ch\/it\/","logo":{"@type":"ImageObject","inLanguage":"it-IT","@id":"https:\/\/www.swiss-pdns.ch\/it\/#\/schema\/logo\/image\/","url":"https:\/\/www.swiss-pdns.ch\/wp-content\/uploads\/2023\/06\/logo.png","contentUrl":"https:\/\/www.swiss-pdns.ch\/wp-content\/uploads\/2023\/06\/logo.png","width":289,"height":289,"caption":"Swiss-PDNS"},"image":{"@id":"https:\/\/www.swiss-pdns.ch\/it\/#\/schema\/logo\/image\/"}},{"@type":"Person","@id":"https:\/\/www.swiss-pdns.ch\/it\/#\/schema\/person\/cfeb1319e9b365afb995922886bb2d8f","name":"Swee Chong","image":{"@type":"ImageObject","inLanguage":"it-IT","@id":"https:\/\/www.swiss-pdns.ch\/it\/#\/schema\/person\/image\/","url":"https:\/\/secure.gravatar.com\/avatar\/0823b01526066772627e81eb4c550efa?s=96&d=mm&r=g","contentUrl":"https:\/\/secure.gravatar.com\/avatar\/0823b01526066772627e81eb4c550efa?s=96&d=mm&r=g","caption":"Swee Chong"},"url":"https:\/\/www.swiss-pdns.ch\/it\/author\/bonck-eth-jec-nek-ej"}]}},"_links":{"self":[{"href":"https:\/\/www.swiss-pdns.ch\/it\/wp-json\/wp\/v2\/posts\/970","targetHints":{"allow":["GET"]}}],"collection":[{"href":"https:\/\/www.swiss-pdns.ch\/it\/wp-json\/wp\/v2\/posts"}],"about":[{"href":"https:\/\/www.swiss-pdns.ch\/it\/wp-json\/wp\/v2\/types\/post"}],"author":[{"embeddable":true,"href":"https:\/\/www.swiss-pdns.ch\/it\/wp-json\/wp\/v2\/users\/2"}],"replies":[{"embeddable":true,"href":"https:\/\/www.swiss-pdns.ch\/it\/wp-json\/wp\/v2\/comments?post=970"}],"version-history":[{"count":0,"href":"https:\/\/www.swiss-pdns.ch\/it\/wp-json\/wp\/v2\/posts\/970\/revisions"}],"wp:attachment":[{"href":"https:\/\/www.swiss-pdns.ch\/it\/wp-json\/wp\/v2\/media?parent=970"}],"wp:term":[{"taxonomy":"category","embeddable":true,"href":"https:\/\/www.swiss-pdns.ch\/it\/wp-json\/wp\/v2\/categories?post=970"},{"taxonomy":"post_tag","embeddable":true,"href":"https:\/\/www.swiss-pdns.ch\/it\/wp-json\/wp\/v2\/tags?post=970"}],"curies":[{"name":"wp","href":"https:\/\/api.w.org\/{rel}","templated":true}]}}